{"id":297,"date":"2026-06-22T14:39:53","date_gmt":"2026-06-22T14:39:53","guid":{"rendered":"https:\/\/paroxysticrecords.fr\/?p=297"},"modified":"2026-06-22T14:58:39","modified_gmt":"2026-06-22T14:58:39","slug":"des-souvenirs-et-un-sentier","status":"publish","type":"post","link":"https:\/\/paroxysticrecords.fr\/index.php\/2026\/06\/22\/des-souvenirs-et-un-sentier\/","title":{"rendered":"Des souvenirs et un sentier"},"content":{"rendered":"\n<figure class=\"wp-block-image size-full is-style-default\"><img loading=\"lazy\" decoding=\"async\" width=\"960\" height=\"540\" src=\"http:\/\/paroxysticrecords.fr\/wp-content\/uploads\/2026\/06\/Sentier-4.jpg\" alt=\"\" class=\"wp-image-299\" srcset=\"https:\/\/paroxysticrecords.fr\/wp-content\/uploads\/2026\/06\/Sentier-4.jpg 960w, https:\/\/paroxysticrecords.fr\/wp-content\/uploads\/2026\/06\/Sentier-4-300x169.jpg 300w, https:\/\/paroxysticrecords.fr\/wp-content\/uploads\/2026\/06\/Sentier-4-768x432.jpg 768w\" sizes=\"auto, (max-width: 960px) 100vw, 960px\" \/><\/figure>\n\n\n\n<p class=\"wp-block-paragraph\"><em>Sur le sentier<\/em>&nbsp;raconte une histoire de m\u00e9moire, de d\u00e9sir et de disparition.<\/p>\n\n\n\n<p class=\"wp-block-paragraph\">En bord de mer, Paul revient sur le sentier de son enfance. Il se souvient de ses vacances avec Marie, de leur libert\u00e9, de leurs promesses, de ce temps o\u00f9 ils n\u2019avaient que seize ans et se croyaient li\u00e9s pour toujours. Mais Marie a disparu peu apr\u00e8s. Des ann\u00e9es plus tard, Paul aper\u00e7oit sur une plage la silhouette d\u2019une femme. Serait-ce elle ?<\/p>\n\n\n\n<p class=\"wp-block-paragraph\">Le film de G\u00e9rard Jumel se d\u00e9ploie dans les paysages de la r\u00e9gion de Cancale, en Bretagne. Les images film\u00e9es par Paul Olinger donnent au littoral, aux chemins et aux \u00e9tendues marines une pr\u00e9sence tr\u00e8s particuli\u00e8re : la nature n\u2019est pas un d\u00e9cor, elle devient le lieu o\u00f9 les souvenirs reviennent, se transforment et parfois se d\u00e9robent.<\/p>\n\n\n\n<p class=\"wp-block-paragraph\">La musique s\u2019est construite en dialogue avec cette mati\u00e8re visuelle. Elle ne cherche pas \u00e0 souligner chaque \u00e9motion, mais \u00e0 prolonger les mouvements du film : le vent, la marche, l\u2019attente, la lumi\u00e8re, les silences et l\u2019incertitude de la m\u00e9moire.<\/p>\n\n\n\n<p class=\"wp-block-paragraph\">La harpe celtique y occupe une place importante. Son timbre rejoint naturellement la g\u00e9ographie du lieu et l\u2019horizon marin. L\u2019ocarina introduit au contraire une couleur plus int\u00e9rieure, li\u00e9e \u00e0 l\u2019enfance et \u00e0 ces souvenirs qui continuent d\u2019habiter l\u2019\u00e2ge adulte.<\/p>\n\n\n\n<p class=\"wp-block-paragraph\">La partition s\u2019organise autour de deux th\u00e8mes principaux.<\/p>\n\n\n\n<p class=\"wp-block-paragraph\">Le th\u00e8me du sentier est repris sous plusieurs formes au fil du film. Sa version principale, confi\u00e9e \u00e0 l\u2019ocarina et \u00e0 une petite formation, accompagne le lien entre le paysage, l\u2019enfance et le mouvement du souvenir. Il conna\u00eet ensuite plusieurs m\u00e9tamorphoses : une variation pour piano et orchestre \u00e0 cordes, fluide et nostalgique, d\u2019inspiration ravelienne ; puis une version en ragtime, \u00e9galement pour piano et cordes, plus burlesque et chaplinesque. Ces d\u00e9placements de style permettent au th\u00e8me de traverser les diff\u00e9rentes tonalit\u00e9s du r\u00e9cit sans perdre son identit\u00e9.<\/p>\n\n\n\n<p class=\"wp-block-paragraph\">Le th\u00e8me de Marie accompagne quant \u00e0 lui les deux figures du personnage : l\u2019adolescente du souvenir et la femme aper\u00e7ue sur la plage. Il exprime la beaut\u00e9 et l\u2019amour, sous des couleurs parfois troubles, parfois lumineuses, parfois plus l\u00e9g\u00e8res ou amus\u00e9es. Ses transformations suivent ainsi les incertitudes du r\u00e9cit autant que les diff\u00e9rents visages de Marie.<\/p>\n\n\n\n<p class=\"wp-block-paragraph\">Le reste de la partition demeure \u00e0 d\u00e9couvrir. Il y est aussi question de fant\u00f4mes, de pop-rock des ann\u00e9es 1970 et de d\u00e9tours plus inattendus.<\/p>\n\n\n\n<p class=\"wp-block-paragraph\">Pour les curieux, l\u2019album contient \u00e9galement une version du th\u00e8me du sentier \u00e0 la guitare jazz. Elle avait \u00e9t\u00e9 envisag\u00e9e pour le g\u00e9n\u00e9rique de fin du film, avant d\u2019\u00eatre finalement remplac\u00e9e par une reprise du th\u00e8me de Marie \u00e0 l\u2019ocarina.<\/p>\n\n\n\n<p class=\"wp-block-paragraph\">Le film comporte \u00e9galement une s\u00e9quence chant\u00e9e, qui fait revenir, en clin d\u2019\u0153il, la com\u00e9die musicale en marge du r\u00e9cit. Florence Branger, \u00e9galement pr\u00e9sente \u00e0 l\u2019image dans le film, chante aux c\u00f4t\u00e9s de Morgan Le Roux, dont la voix est associ\u00e9e au personnage incarn\u00e9 \u00e0 l\u2019\u00e9cran par G\u00e9rard Jumel. Cette dissociation entre les corps film\u00e9s et les voix chant\u00e9es donne \u00e0 la s\u00e9quence une dimension l\u00e9g\u00e8rement d\u00e9cal\u00e9e, presque suspendue.<\/p>\n\n\n\n<p class=\"wp-block-paragraph\">La pr\u00e9sence de&nbsp;<em>Matin de mariage<\/em>&nbsp;\u00e0 la fin de l\u2019album prolonge cette relation ancienne entre G\u00e9rard Jumel et Fran\u00e7ois Bernaud. Compos\u00e9e en 1987 pour un pr\u00e9c\u00e9dent court m\u00e9trage musical du r\u00e9alisateur, l\u2019\u0153uvre agit ici comme une trace de continuit\u00e9 entre deux p\u00e9riodes, deux films et une m\u00eame attention port\u00e9e \u00e0 la relation entre image, r\u00e9cit, musique et voix.<\/p>\n\n\n\n<p class=\"wp-block-paragraph\"><em>Sur le sentier<\/em>&nbsp;est ainsi une musique de film, mais aussi une partition autonome. Elle accompagne le r\u00e9cit de Paul et Marie tout en poursuivant, hors de l\u2019\u00e9cran, son propre chemin dans l\u2019\u00e9coute et dans la m\u00e9moire.<\/p>\n\n\n\n<p class=\"wp-block-paragraph\"><a href=\"https:\/\/paroxysticrecords.fr\/index.php\/oeuvre\/sur-le-sentier\/\" data-type=\"oeuvre\" data-id=\"61\">\u00c9couter<\/a> l&rsquo;album<\/p>\n","protected":false},"excerpt":{"rendered":"<p>Sur le sentier&nbsp;raconte une histoire de m\u00e9moire, de d\u00e9sir et de disparition. En bord de mer, Paul revient sur le sentier de son enfance. Il se souvient de ses vacances avec Marie, de leur libert\u00e9, de leurs promesses, de ce temps o\u00f9 ils n\u2019avaient que seize ans et se croyaient li\u00e9s pour toujours. Mais Marie [&hellip;]<\/p>\n","protected":false},"author":1,"featured_media":0,"comment_status":"closed","ping_status":"open","sticky":false,"template":"","format":"standard","meta":{"_acf_changed":false,"footnotes":""},"categories":[4],"tags":[],"class_list":["post-297","post","type-post","status-publish","format-standard","hentry","category-carnets"],"blocksy_meta":[],"acf":[],"_links":{"self":[{"href":"https:\/\/paroxysticrecords.fr\/index.php\/wp-json\/wp\/v2\/posts\/297","targetHints":{"allow":["GET"]}}],"collection":[{"href":"https:\/\/paroxysticrecords.fr\/index.php\/wp-json\/wp\/v2\/posts"}],"about":[{"href":"https:\/\/paroxysticrecords.fr\/index.php\/wp-json\/wp\/v2\/types\/post"}],"author":[{"embeddable":true,"href":"https:\/\/paroxysticrecords.fr\/index.php\/wp-json\/wp\/v2\/users\/1"}],"replies":[{"embeddable":true,"href":"https:\/\/paroxysticrecords.fr\/index.php\/wp-json\/wp\/v2\/comments?post=297"}],"version-history":[{"count":3,"href":"https:\/\/paroxysticrecords.fr\/index.php\/wp-json\/wp\/v2\/posts\/297\/revisions"}],"predecessor-version":[{"id":308,"href":"https:\/\/paroxysticrecords.fr\/index.php\/wp-json\/wp\/v2\/posts\/297\/revisions\/308"}],"wp:attachment":[{"href":"https:\/\/paroxysticrecords.fr\/index.php\/wp-json\/wp\/v2\/media?parent=297"}],"wp:term":[{"taxonomy":"category","embeddable":true,"href":"https:\/\/paroxysticrecords.fr\/index.php\/wp-json\/wp\/v2\/categories?post=297"},{"taxonomy":"post_tag","embeddable":true,"href":"https:\/\/paroxysticrecords.fr\/index.php\/wp-json\/wp\/v2\/tags?post=297"}],"curies":[{"name":"wp","href":"https:\/\/api.w.org\/{rel}","templated":true}]}}